[{"@context":"https:\/\/schema.org\/","@type":"Article","@id":"https:\/\/www.marty.sk\/vsetko-je-moja-vina\/#Article","mainEntityOfPage":"https:\/\/www.marty.sk\/vsetko-je-moja-vina\/","headline":"V\u0161etko je moja vina","name":"V\u0161etko je moja vina","description":"Som s partnerom dva roky. On 43 ja 30 &#8230;. M\u00e1me spolu 6 mesa\u010dn\u00e9 die\u0165a. Zamilovali sme sa po u\u0161i,...","datePublished":"2023-10-07","dateModified":"2023-10-07","author":{"@type":"Person","@id":"https:\/\/www.marty.sk\/author\/#Person","name":"","url":"https:\/\/www.marty.sk\/author\/","identifier":1,"image":{"@type":"ImageObject","@id":"https:\/\/secure.gravatar.com\/avatar\/df9d3e7f7fe4622e291ec02ac46f5f76755ddc91019a65e783baee3892394402?s=96&d=mm&r=g","url":"https:\/\/secure.gravatar.com\/avatar\/df9d3e7f7fe4622e291ec02ac46f5f76755ddc91019a65e783baee3892394402?s=96&d=mm&r=g","height":96,"width":96}},"publisher":{"@type":"Organization","name":"marty.sk","logo":{"@type":"ImageObject","@id":"\/logo.png","url":"\/logo.png","width":600,"height":60}},"image":{"@type":"ImageObject","@id":"https:\/\/www.marty.sk\/wp-content\/uploads\/pexels-kristina-paukshtite-704748%20(1)_1.jpg","url":"https:\/\/www.marty.sk\/wp-content\/uploads\/pexels-kristina-paukshtite-704748%20(1)_1.jpg","height":0,"width":0},"url":"https:\/\/www.marty.sk\/vsetko-je-moja-vina\/","wordCount":422,"articleBody":"Som s partnerom dva roky. On 43 ja 30 &#8230;. M\u00e1me spolu 6 mesa\u010dn\u00e9 die\u0165a. Zamilovali sme sa po u\u0161i, ja mu pomohla so v\u0161etk\u00fdm \u010do ho dovtedy tr\u00e1pilo. Rozvod, rozdelenie majetku, nov\u00e9 b\u00fdvanie, vz\u0165ah s jeho de\u0165mi a pod&#8230; Posledn\u00fd rok u neho diagnostikovali nejak\u00e9 depresie (nepovedal mi doteraz \u010do mu diagnostikovali), je to hrozn\u00e9 psycho. Zmenil sa, v\u0161etko je zle. Po\u0161tv\u00e1va proti mne deti, rodinu (aj t\u00fa moju) neust\u00e1le mu nie\u010do vad\u00ed aj ke\u010f nem\u00e1 \u010do. Ja u\u017e som v koncoch. Vad\u00ed mu aj \u017ee chod\u00edm do pr\u00e1ce, st\u00e1le m\u00e1 v\u0161etk\u00e9ho m\u00e1lo. Nikto mu nepom\u00e1ha a podobne a pritom to nie je pravda, preto\u017ee ja sa star\u00e1m o die\u0165a a on si lieta po kamaradk\u00e1ch, z\u00e1bav\u00e1ch a podobne.V\u00fd\u010ditky a h\u00e1dky za\u010d\u00ednaj\u00fa v\u017edy hne\u010f od r\u00e1na, ale iba z jeho strany. Var\u00edm, periem, doma upratujem, chod\u00edm do pr\u00e1ce, nakupuj\u00fa v\u0161etko, ale aj tak je to jednoducho m\u00e1lo. V\u017edy ke\u010f sa uvedom\u00ed nas\u013eubuje hory bane, ale nikdy ni\u010d nespln\u00ed. Nikdy sa neospravedln\u00ed aj ke\u010f ubli\u017euje neskuto\u010dn\u00fdm sp\u00f4sobom. V\u0161etko je moja vina. Ja mus\u00edm splni\u0165 aj nemo\u017en\u00e9 alebo je hne\u010f probl\u00e9m. Ke\u010f u\u017e som zo v\u0161etk\u00e9ho unaven\u00e1, tak je mi to vy\u010d\u00edtan\u00e9 a hne\u010f je probl\u00e9m. Kv\u00f4li nemu som u\u017e zmenila 3 pr\u00e1ce (v\u017edy ved\u00face funkcie alebo mana\u017e\u00e9rske).U\u017e nie som schopn\u00e1 norm\u00e1lneho \u017eivota. T\u00fdm, \u010do sa deje, som sa ocitla v depresi\u00e1ch, som ne\u0161\u0165astn\u00e1 a nebav\u00ed ma to. St\u00e1le po\u010d\u00fava\u0165, \u017ee to a to rob\u00edm zle, alebo vlastne pod\u013ea neho ni\u010d nerob\u00edm. \u0160ialene ma to tr\u00e1pi. A neviem, \u010di mu m\u00e1m odpusti\u0165 a sk\u00fasi\u0165 to naposledy znova, alebo sa na to sk\u00f4r vyka\u0161\u013ea\u0165 a \u00eds\u0165 si ka\u017ed\u00fd svojou cestou. Je to pre m\u0148a ve\u013emi \u0165a\u017ek\u00e9, preto\u017ee predsa len spolu m\u00e1me die\u0165a a sme spolu dva roky a to u\u017e nejak\u00e1 doba je. Hrozne ma mrz\u00ed, \u017ee sa v\u0161etko toto deje. A najviac ma des\u00ed to, \u017ee h\u00e1dky die\u0165a v\u017edy vyc\u00edtia. Tr\u00e1pim sa t\u00fdm. \u00daplne by mi sta\u010dilo, keby sa to v\u0161etko zase vr\u00e1tilo do norm\u00e1lu a boli sme \u0161\u0165astn\u00ed a spokojn\u00ed, to by bolo fajn.                                                                                                                                                                                                                                                                                                                                                                                        3.7\/5 - (4 votes)        "},{"@context":"https:\/\/schema.org\/","@type":"BreadcrumbList","itemListElement":[{"@type":"ListItem","position":1,"name":"V\u0161etko je moja vina","item":"https:\/\/www.marty.sk\/vsetko-je-moja-vina\/#breadcrumbitem"}]}]