[{"@context":"https:\/\/schema.org\/","@type":"Article","@id":"https:\/\/www.marty.sk\/ochranne-ruska-a-vakciny-pocas-koronavirusu\/#Article","mainEntityOfPage":"https:\/\/www.marty.sk\/ochranne-ruska-a-vakciny-pocas-koronavirusu\/","headline":"Ochrann\u00e9 r\u00fa\u0161ka a vakc\u00edny po\u010das koronav\u00edrusu","name":"Ochrann\u00e9 r\u00fa\u0161ka a vakc\u00edny po\u010das koronav\u00edrusu","description":"Pam\u00e4t\u00e1te si e\u0161te na to, ke\u010f na Slovensku bol koronav\u00edrus? Koronav\u00edrus bol v\u00edrus, ktor\u00fd sa tu vyskytol zo d\u0148a na...","datePublished":"2024-11-05","dateModified":"2024-11-05","author":{"@type":"Person","@id":"https:\/\/www.marty.sk\/author\/#Person","name":"","url":"https:\/\/www.marty.sk\/author\/","identifier":1,"image":{"@type":"ImageObject","@id":"https:\/\/secure.gravatar.com\/avatar\/df9d3e7f7fe4622e291ec02ac46f5f76755ddc91019a65e783baee3892394402?s=96&d=mm&r=g","url":"https:\/\/secure.gravatar.com\/avatar\/df9d3e7f7fe4622e291ec02ac46f5f76755ddc91019a65e783baee3892394402?s=96&d=mm&r=g","height":96,"width":96}},"publisher":{"@type":"Organization","name":"marty.sk","logo":{"@type":"ImageObject","@id":"\/logo.png","url":"\/logo.png","width":600,"height":60}},"image":{"@type":"ImageObject","@id":"https:\/\/www.marty.sk\/wp-content\/uploads\/coronavirus-7177434_640.jpg","url":"https:\/\/www.marty.sk\/wp-content\/uploads\/coronavirus-7177434_640.jpg","height":0,"width":0},"url":"https:\/\/www.marty.sk\/ochranne-ruska-a-vakciny-pocas-koronavirusu\/","wordCount":404,"articleBody":"   Pam\u00e4t\u00e1te si e\u0161te na to, ke\u010f na Slovensku bol koronav\u00edrus? Koronav\u00edrus bol v\u00edrus, ktor\u00fd sa tu vyskytol zo d\u0148a na de\u0148. Slovensko v\u0161ak nebolo ohniskom, kde koronav\u00edrus vznikol. Dostal sa k n\u00e1m a\u017e z \u010faleka, pr\u00e1ve pre to, \u017ee mnoh\u00ed \u013eudia cestuj\u00fa a roz\u0161\u00edrili ho. Je zn\u00e1me, \u017ee u\u017e koronav\u00edrus ust\u00fapil. To zapr\u00ed\u010dinili vakc\u00edny. Vakc\u00edny sa testovali v laborat\u00f3ri\u00e1ch \u0161pecialistami. Vakc\u00ednou sme sa museli zao\u010dkova\u0165 v\u0161etci. Bolo to povinn\u00e9 o\u010dkovanie, aby sme zn\u00ed\u017eili riziko nakazenia a \u00famrtia. Mnoh\u00ed \u013eudia zomreli pr\u00e1ve na koronav\u00edrus. Boli to hlavne star\u0161\u00ed obyvatelia. My, mlad\u0161\u00ed, sme tie\u017e boli v ur\u010dit\u00fa dobu nakazen\u00fdmi. Nevyhli sme sa tomu. Ako sme zistili, \u017ee sme sa nakazili koronav\u00edrusom? Antig\u00e9nov\u00e9 testy n\u00e1m to povedali. Testovanie antig\u00e9nov\u00fdmi testami prebiehalo aj celo\u0161t\u00e1tne, i doma. Doma sme vlastnili nieko\u013eko antig\u00e9nov\u00fdch testov, aby sme sa hne\u010f mohli otestova\u0165, ke\u010f sme za\u010dali poci\u0165ova\u0165 hor\u00fa\u010dky, ka\u0161e\u013e alebo aj nechu\u0165 do jedla. N\u00e1\u0161 \u010duch zrazu nefungoval. Aj \u010dokol\u00e1da nevo\u0148ala ani nechutila tak, ako by mala. Bolo to hrozn\u00e9 obdobie. Vl\u00e1da i odborn\u00edci ka\u017ed\u00fd de\u0148 vysielali, ko\u013eko \u013eud\u00ed sa nakazilo a ko\u013eko umrelo. Hl\u00e1sili aj t\u00fdch, ktor\u00ed pribudli do nemocn\u00edc a museli by\u0165 pripojen\u00ed na p\u013e\u00facnej ventil\u00e1ci\u00ed. Ak sme chceli \u00eds\u0165 von, museli sme si nasadi\u0165 ochrann\u00e9 r\u00fa\u0161ka na tv\u00e1r alebo aj respir\u00e1tory.Respir\u00e1tory mali by\u0165 \u00fa\u010dinnej\u0161\u00edmi prostriedkami, aby sme zabr\u00e1nili nakazeniu. Obchody boli pozatv\u00e1ran\u00e9 a \u013eudia nemohli chodi\u0165 do svojich zamestnan\u00ed. Aj deti sa u\u010dili z domu. Bolo to \u0161ialen\u00e9 obdobie. Nikto nevedel, kedy toto obdobie skon\u010d\u00ed a pominie. Museli sme len d\u00fafa\u0165 v lep\u0161\u00ed \u017eivot. \u017divoty sme si chceli vr\u00e1ti\u0165 na tak\u00e9, ak\u00e9 boli pred t\u00fdmto obdob\u00edm. \u010cakali sme dlho. Covid-19 sa na Slovensku vyskytoval cel\u00e9 dlh\u00e9 dva roky. Nevedeli sme, \u010di e\u0161te m\u00e1me nejak\u00e9 zamestnanie alebo \u010do s nami bude. Chvalabohu sa u\u017e kone\u010dne m\u00f4\u017eeme te\u0161i\u0165 na to, \u017ee koronav\u00edrus sa premenil na klasick\u00fa chr\u00edpku. S\u00edce prebieha tro\u0161ku inak, no je to omnoho miernej\u0161ie. U\u017e vl\u00e1da nehl\u00e1si po\u010det nakazen\u00fdch ani po\u010det t\u00fdch, ktor\u00ed umreli.                                                                                                                                                                                                                                                                                                                                                                                          3.9\/5 - (15 votes)        "},{"@context":"https:\/\/schema.org\/","@type":"BreadcrumbList","itemListElement":[{"@type":"ListItem","position":1,"name":"Ochrann\u00e9 r\u00fa\u0161ka a vakc\u00edny po\u010das koronav\u00edrusu","item":"https:\/\/www.marty.sk\/ochranne-ruska-a-vakciny-pocas-koronavirusu\/#breadcrumbitem"}]}]